{"id":4153,"date":"2024-04-24T16:41:17","date_gmt":"2024-04-24T14:41:17","guid":{"rendered":"https:\/\/padrejuan.org\/?p=4153"},"modified":"2024-05-31T18:14:57","modified_gmt":"2024-05-31T16:14:57","slug":"nos-visita-el-sr-obispo-de-ruanda-africa-excmo-rvdmo-sr-d-anaclet-mwumvaneza","status":"publish","type":"post","link":"https:\/\/padrejuan.org\/index.php\/2024\/04\/24\/nos-visita-el-sr-obispo-de-ruanda-africa-excmo-rvdmo-sr-d-anaclet-mwumvaneza\/","title":{"rendered":"Nos visita el Sr. Obispo de Ruanda &#8211; \u00c1frica, Excmo. Rvdmo. Sr. D. Anaclet Mwumvaneza"},"content":{"rendered":"<p>[et_pb_section fb_built=\u00bb1&#8243; _builder_version=\u00bb4.14.8&#8243; _module_preset=\u00bbdefault\u00bb da_disable_devices=\u00bboff|off|off\u00bb global_colors_info=\u00bb{}\u00bb da_is_popup=\u00bboff\u00bb da_exit_intent=\u00bboff\u00bb da_has_close=\u00bbon\u00bb da_alt_close=\u00bboff\u00bb da_dark_close=\u00bboff\u00bb da_not_modal=\u00bbon\u00bb da_is_singular=\u00bboff\u00bb da_with_loader=\u00bboff\u00bb da_has_shadow=\u00bbon\u00bb][et_pb_row _builder_version=\u00bb4.14.8&#8243; _module_preset=\u00bbdefault\u00bb global_colors_info=\u00bb{}\u00bb][et_pb_column type=\u00bb4_4&#8243; _builder_version=\u00bb4.14.8&#8243; _module_preset=\u00bbdefault\u00bb global_colors_info=\u00bb{}\u00bb][et_pb_text _builder_version=\u00bb4.14.8&#8243; _module_preset=\u00bbdefault\u00bb hover_enabled=\u00bb0&#8243; global_colors_info=\u00bb{}\u00bb sticky_enabled=\u00bb0&#8243;]<\/p>\n<p>El d\u00eda 17\/04\/2024 hemos recibido la visita del Obispo de Ruanda \u2013 \u00c1frica, Excmo. Rvdmo. Sr. D. Anaclet Mwumvaneza acompa\u00f1ado de un grupo de sacerdotes de su Di\u00f3cesis; los cuales se encuentran cursando estudios de Teolog\u00eda en Valencia e incorporados en Parroquias en las que ayudan en las actividades propias de las mismas.<\/p>\n<p>En la visita tras recorrer nuestras instalaciones de Alaqu\u00e0s se les ha ofrecido un peque\u00f1o vino de honor.<\/p>\n<p>Han agradecido la colaboraci\u00f3n de la Biblioteca Solidaria Misionera en el env\u00edo que se les ha realizado en franc\u00e9s; <strong>un contenedor con 541 cajas con un contenido de 24.913 libros, material escolar y mobiliario escolar<\/strong>. En este env\u00edo hemos contado con la colaboraci\u00f3n econ\u00f3mica de Ad Gentes que ha permitido transportar el contenedor desde el puerto de Dar es Salam\u00a0 en\u00a0 Tanzania hasta su destino Ruandada, el resto del gasto es a cargo de la Fundaci\u00f3n Padre Juan Schenk.<\/p>\n<p>Nota: Ya se han recibido con destino a Petit Seminaire San Pio X en Nyundo-Ruanda, libros <strong>en franc\u00e9s<\/strong>, material escolar y mobiliario escolar, con un total de 24919 libros y un peso de 9539 kg.<\/p>\n<p>[\/et_pb_text][et_pb_gallery gallery_ids=\u00bb4161,4160,4159,4154,4156,4155,4185,4186&#8243; posts_number=\u00bb8&#8243; show_title_and_caption=\u00bboff\u00bb _builder_version=\u00bb4.14.8&#8243; _module_preset=\u00bbdefault\u00bb hover_enabled=\u00bb0&#8243; global_colors_info=\u00bb{}\u00bb sticky_enabled=\u00bb0&#8243;][\/et_pb_gallery][et_pb_image src=\u00bbhttps:\/\/padrejuan.org\/wp-content\/uploads\/2024\/04\/carta_Agradecimiento.jpg\u00bb title_text=\u00bbcarta_Agradecimiento\u00bb _builder_version=\u00bb4.14.8&#8243; _module_preset=\u00bbdefault\u00bb global_colors_info=\u00bb{}\u00bb][\/et_pb_image][\/et_pb_column][\/et_pb_row][\/et_pb_section]<\/p>\n","protected":false},"excerpt":{"rendered":"<p>El d\u00eda 17\/04\/2024 hemos recibido la visita del Obispo de Ruanda \u2013 \u00c1frica, Excmo. Rvdmo. Sr. D. Anaclet Mwumvaneza acompa\u00f1ado de un grupo de sacerdotes de su Di\u00f3cesis; los cuales se encuentran cursando estudios de Teolog\u00eda en Valencia e incorporados en Parroquias en las que ayudan en las actividades propias de las mismas. En la [&hellip;]<\/p>\n","protected":false},"author":1,"featured_media":4161,"comment_status":"open","ping_status":"closed","sticky":false,"template":"","format":"standard","meta":{"_et_pb_use_builder":"on","_et_pb_old_content":"","_et_gb_content_width":"","footnotes":""},"categories":[4],"tags":[],"_links":{"self":[{"href":"https:\/\/padrejuan.org\/index.php\/wp-json\/wp\/v2\/posts\/4153"}],"collection":[{"href":"https:\/\/padrejuan.org\/index.php\/wp-json\/wp\/v2\/posts"}],"about":[{"href":"https:\/\/padrejuan.org\/index.php\/wp-json\/wp\/v2\/types\/post"}],"author":[{"embeddable":true,"href":"https:\/\/padrejuan.org\/index.php\/wp-json\/wp\/v2\/users\/1"}],"replies":[{"embeddable":true,"href":"https:\/\/padrejuan.org\/index.php\/wp-json\/wp\/v2\/comments?post=4153"}],"version-history":[{"count":8,"href":"https:\/\/padrejuan.org\/index.php\/wp-json\/wp\/v2\/posts\/4153\/revisions"}],"predecessor-version":[{"id":4188,"href":"https:\/\/padrejuan.org\/index.php\/wp-json\/wp\/v2\/posts\/4153\/revisions\/4188"}],"wp:featuredmedia":[{"embeddable":true,"href":"https:\/\/padrejuan.org\/index.php\/wp-json\/wp\/v2\/media\/4161"}],"wp:attachment":[{"href":"https:\/\/padrejuan.org\/index.php\/wp-json\/wp\/v2\/media?parent=4153"}],"wp:term":[{"taxonomy":"category","embeddable":true,"href":"https:\/\/padrejuan.org\/index.php\/wp-json\/wp\/v2\/categories?post=4153"},{"taxonomy":"post_tag","embeddable":true,"href":"https:\/\/padrejuan.org\/index.php\/wp-json\/wp\/v2\/tags?post=4153"}],"curies":[{"name":"wp","href":"https:\/\/api.w.org\/{rel}","templated":true}]}}