{"id":3102,"date":"2022-02-25T18:57:44","date_gmt":"2022-02-25T17:57:44","guid":{"rendered":"https:\/\/padrejuan.org\/?p=3102"},"modified":"2022-02-25T18:57:48","modified_gmt":"2022-02-25T17:57:48","slug":"hemos-realizado-un-rastrillo-en-la-parroquia-de-san-jorge-martir-valencia","status":"publish","type":"post","link":"https:\/\/padrejuan.org\/index.php\/2022\/02\/25\/hemos-realizado-un-rastrillo-en-la-parroquia-de-san-jorge-martir-valencia\/","title":{"rendered":"Hemos realizado un rastrillo en la Parroquia de San Jorge M\u00e1rtir \u2013 Valencia"},"content":{"rendered":"<p>[et_pb_section fb_built=\u00bb1&#8243; theme_builder_area=\u00bbpost_content\u00bb _builder_version=\u00bb4.14.8&#8243; _module_preset=\u00bbdefault\u00bb da_is_popup=\u00bboff\u00bb da_exit_intent=\u00bboff\u00bb da_has_close=\u00bbon\u00bb da_alt_close=\u00bboff\u00bb da_dark_close=\u00bboff\u00bb da_not_modal=\u00bbon\u00bb da_is_singular=\u00bboff\u00bb da_with_loader=\u00bboff\u00bb da_has_shadow=\u00bbon\u00bb da_disable_devices=\u00bboff|off|off\u00bb][et_pb_row _builder_version=\u00bb4.14.8&#8243; _module_preset=\u00bbdefault\u00bb theme_builder_area=\u00bbpost_content\u00bb hover_enabled=\u00bb0&#8243; sticky_enabled=\u00bb0&#8243;][et_pb_column _builder_version=\u00bb4.14.8&#8243; _module_preset=\u00bbdefault\u00bb type=\u00bb4_4&#8243; theme_builder_area=\u00bbpost_content\u00bb][et_pb_text _builder_version=\u00bb4.14.8&#8243; _module_preset=\u00bbdefault\u00bb theme_builder_area=\u00bbpost_content\u00bb hover_enabled=\u00bb0&#8243; sticky_enabled=\u00bb0&#8243; custom_padding=\u00bb||0px|||\u00bb]Agradecemos a D. Elias Pastor, Cura-p\u00e1rroco de la Parroquia de Jan Jorge M\u00e1rtir, situada en la calle Pianista Amparo Iturbi de Valencia, por habernos cedido los locales para la realizaci\u00f3n de un rastrillo solidario durante los d\u00edas 19 y  20 de febrero, habiendo sido organizado por nuestras voluntarias colaboradoras, Graciela, Mar\u00eda y Victoria.[\/et_pb_text][et_pb_gallery _builder_version=\u00bb4.14.8&#8243; _module_preset=\u00bbdefault\u00bb theme_builder_area=\u00bbpost_content\u00bb gallery_ids=\u00bb3096,3095&#8243; show_pagination=\u00bboff\u00bb show_title_and_caption=\u00bboff\u00bb hover_enabled=\u00bb0&#8243; sticky_enabled=\u00bb0&#8243;][\/et_pb_gallery][\/et_pb_column][\/et_pb_row][\/et_pb_section]<\/p>\n","protected":false},"excerpt":{"rendered":"<p>Agradecemos a D. Elias Pastor, Cura-p\u00e1rroco de la Parroquia de Jan Jorge M\u00e1rtir, situada en la calle Pianista Amparo Iturbi de Valencia, por habernos cedido los locales para la realizaci\u00f3n de un rastrillo solidario durante los d\u00edas 19 y 20 de febrero, habiendo sido organizado por nuestras voluntarias colaboradoras, Graciela, Mar\u00eda y Victoria.<\/p>\n","protected":false},"author":1,"featured_media":3095,"comment_status":"open","ping_status":"closed","sticky":false,"template":"","format":"standard","meta":{"_et_pb_use_builder":"on","_et_pb_old_content":"","_et_gb_content_width":"","footnotes":""},"categories":[12],"tags":[],"_links":{"self":[{"href":"https:\/\/padrejuan.org\/index.php\/wp-json\/wp\/v2\/posts\/3102"}],"collection":[{"href":"https:\/\/padrejuan.org\/index.php\/wp-json\/wp\/v2\/posts"}],"about":[{"href":"https:\/\/padrejuan.org\/index.php\/wp-json\/wp\/v2\/types\/post"}],"author":[{"embeddable":true,"href":"https:\/\/padrejuan.org\/index.php\/wp-json\/wp\/v2\/users\/1"}],"replies":[{"embeddable":true,"href":"https:\/\/padrejuan.org\/index.php\/wp-json\/wp\/v2\/comments?post=3102"}],"version-history":[{"count":3,"href":"https:\/\/padrejuan.org\/index.php\/wp-json\/wp\/v2\/posts\/3102\/revisions"}],"predecessor-version":[{"id":3106,"href":"https:\/\/padrejuan.org\/index.php\/wp-json\/wp\/v2\/posts\/3102\/revisions\/3106"}],"wp:featuredmedia":[{"embeddable":true,"href":"https:\/\/padrejuan.org\/index.php\/wp-json\/wp\/v2\/media\/3095"}],"wp:attachment":[{"href":"https:\/\/padrejuan.org\/index.php\/wp-json\/wp\/v2\/media?parent=3102"}],"wp:term":[{"taxonomy":"category","embeddable":true,"href":"https:\/\/padrejuan.org\/index.php\/wp-json\/wp\/v2\/categories?post=3102"},{"taxonomy":"post_tag","embeddable":true,"href":"https:\/\/padrejuan.org\/index.php\/wp-json\/wp\/v2\/tags?post=3102"}],"curies":[{"name":"wp","href":"https:\/\/api.w.org\/{rel}","templated":true}]}}