{"id":3002,"date":"2021-12-30T20:15:25","date_gmt":"2021-12-30T19:15:25","guid":{"rendered":"https:\/\/padrejuan.org\/?p=3002"},"modified":"2021-12-30T20:15:25","modified_gmt":"2021-12-30T19:15:25","slug":"rastrillo-en-benaguacil","status":"publish","type":"post","link":"https:\/\/padrejuan.org\/index.php\/2021\/12\/30\/rastrillo-en-benaguacil\/","title":{"rendered":"Rastrillo en Benaguacil"},"content":{"rendered":"<p>[et_pb_section fb_built=\u00bb1&#8243; _builder_version=\u00bb3.27.4&#8243; da_is_popup=\u00bboff\u00bb da_exit_intent=\u00bboff\u00bb da_has_close=\u00bbon\u00bb da_alt_close=\u00bboff\u00bb da_dark_close=\u00bboff\u00bb da_not_modal=\u00bbon\u00bb da_is_singular=\u00bboff\u00bb da_with_loader=\u00bboff\u00bb da_has_shadow=\u00bbon\u00bb da_disable_devices=\u00bboff|off|off\u00bb][et_pb_row _builder_version=\u00bb3.27.4&#8243;][et_pb_column _builder_version=\u00bb3.27.4&#8243; type=\u00bb4_4&#8243;][et_pb_text _builder_version=\u00bb3.27.4&#8243; hover_enabled=\u00bb0&#8243;]<\/p>\n<p>EL sr. Cura P\u00e1rroco de Benaguacil nos ha cedido unos espaciones en la parroquia para la realizaci\u00f3n de un rastrillo durante el mes de diciembre del 2021.<\/p>\n<p>Agradecemos su colaboraci\u00f3n.<\/p>\n<p>[\/et_pb_text][\/et_pb_column][\/et_pb_row][\/et_pb_section]<\/p>\n","protected":false},"excerpt":{"rendered":"<p>EL sr. Cura P\u00e1rroco de Benaguacil nos ha cedido unos espaciones en la parroquia para la realizaci\u00f3n de un rastrillo durante el mes de diciembre del 2021. Agradecemos su colaboraci\u00f3n.<\/p>\n","protected":false},"author":1,"featured_media":2991,"comment_status":"open","ping_status":"closed","sticky":false,"template":"","format":"standard","meta":{"_et_pb_use_builder":"on","_et_pb_old_content":"","_et_gb_content_width":"","footnotes":""},"categories":[12],"tags":[],"_links":{"self":[{"href":"https:\/\/padrejuan.org\/index.php\/wp-json\/wp\/v2\/posts\/3002"}],"collection":[{"href":"https:\/\/padrejuan.org\/index.php\/wp-json\/wp\/v2\/posts"}],"about":[{"href":"https:\/\/padrejuan.org\/index.php\/wp-json\/wp\/v2\/types\/post"}],"author":[{"embeddable":true,"href":"https:\/\/padrejuan.org\/index.php\/wp-json\/wp\/v2\/users\/1"}],"replies":[{"embeddable":true,"href":"https:\/\/padrejuan.org\/index.php\/wp-json\/wp\/v2\/comments?post=3002"}],"version-history":[{"count":3,"href":"https:\/\/padrejuan.org\/index.php\/wp-json\/wp\/v2\/posts\/3002\/revisions"}],"predecessor-version":[{"id":3005,"href":"https:\/\/padrejuan.org\/index.php\/wp-json\/wp\/v2\/posts\/3002\/revisions\/3005"}],"wp:featuredmedia":[{"embeddable":true,"href":"https:\/\/padrejuan.org\/index.php\/wp-json\/wp\/v2\/media\/2991"}],"wp:attachment":[{"href":"https:\/\/padrejuan.org\/index.php\/wp-json\/wp\/v2\/media?parent=3002"}],"wp:term":[{"taxonomy":"category","embeddable":true,"href":"https:\/\/padrejuan.org\/index.php\/wp-json\/wp\/v2\/categories?post=3002"},{"taxonomy":"post_tag","embeddable":true,"href":"https:\/\/padrejuan.org\/index.php\/wp-json\/wp\/v2\/tags?post=3002"}],"curies":[{"name":"wp","href":"https:\/\/api.w.org\/{rel}","templated":true}]}}