{"id":2759,"date":"2021-09-06T16:51:24","date_gmt":"2021-09-06T14:51:24","guid":{"rendered":"https:\/\/padrejuan.org\/?p=2759"},"modified":"2021-09-06T16:51:34","modified_gmt":"2021-09-06T14:51:34","slug":"agradecimiento-hermanas-de-la-caridad-del-cardenal-sancha-republica-dominicana","status":"publish","type":"post","link":"https:\/\/padrejuan.org\/index.php\/2021\/09\/06\/agradecimiento-hermanas-de-la-caridad-del-cardenal-sancha-republica-dominicana\/","title":{"rendered":"Agradecimiento Hermanas de la Caridad del Cardenal Sancha &#8211; Rep\u00fablica Dominicana"},"content":{"rendered":"<p>[et_pb_section fb_built=\u00bb1&#8243; _builder_version=\u00bb3.27.4&#8243; da_is_popup=\u00bboff\u00bb da_exit_intent=\u00bboff\u00bb da_has_close=\u00bbon\u00bb da_alt_close=\u00bboff\u00bb da_dark_close=\u00bboff\u00bb da_not_modal=\u00bbon\u00bb da_is_singular=\u00bboff\u00bb da_with_loader=\u00bboff\u00bb da_has_shadow=\u00bbon\u00bb da_disable_devices=\u00bboff|off|off\u00bb][et_pb_row _builder_version=\u00bb3.27.4&#8243;][et_pb_column _builder_version=\u00bb3.27.4&#8243; type=\u00bb4_4&#8243;][et_pb_text _builder_version=\u00bb3.27.4&#8243; hover_enabled=\u00bb0&#8243;]<\/p>\n<p>Las Hermanas de la Caridad del Cardenal Sancha de la Rep\u00fablica Dominicana, han recibido el env\u00edo de libros y material escolar a trav\u00e9s de nuestro colaborador Palo Rosa, el cual ha retirado de su almac\u00e9n.<\/p>\n<p>Dios les siga bendiciendo y multiplicando los bienes para que continuen ayudando a los necesitados.<\/p>\n<p>Atentamente Sor Paula Gonzalez Gonzalez<\/p>\n<p>[\/et_pb_text][et_pb_gallery _builder_version=\u00bb3.27.4&#8243; gallery_ids=\u00bb2762,2761,2760&#8243; show_title_and_caption=\u00bboff\u00bb show_pagination=\u00bboff\u00bb hover_enabled=\u00bb0&#8243;][\/et_pb_gallery][\/et_pb_column][\/et_pb_row][\/et_pb_section]<\/p>\n","protected":false},"excerpt":{"rendered":"<p>Las Hermanas de la Caridad del Cardenal Sancha de la Rep\u00fablica Dominicana, han recibido el env\u00edo de libros y material escolar a trav\u00e9s de nuestro colaborador Palo Rosa, el cual ha retirado de su almac\u00e9n. Dios les siga bendiciendo y multiplicando los bienes para que continuen ayudando a los necesitados. Atentamente Sor Paula Gonzalez Gonzalez<\/p>\n","protected":false},"author":1,"featured_media":2760,"comment_status":"open","ping_status":"closed","sticky":false,"template":"","format":"standard","meta":{"_et_pb_use_builder":"on","_et_pb_old_content":"","_et_gb_content_width":"","footnotes":""},"categories":[7],"tags":[],"_links":{"self":[{"href":"https:\/\/padrejuan.org\/index.php\/wp-json\/wp\/v2\/posts\/2759"}],"collection":[{"href":"https:\/\/padrejuan.org\/index.php\/wp-json\/wp\/v2\/posts"}],"about":[{"href":"https:\/\/padrejuan.org\/index.php\/wp-json\/wp\/v2\/types\/post"}],"author":[{"embeddable":true,"href":"https:\/\/padrejuan.org\/index.php\/wp-json\/wp\/v2\/users\/1"}],"replies":[{"embeddable":true,"href":"https:\/\/padrejuan.org\/index.php\/wp-json\/wp\/v2\/comments?post=2759"}],"version-history":[{"count":3,"href":"https:\/\/padrejuan.org\/index.php\/wp-json\/wp\/v2\/posts\/2759\/revisions"}],"predecessor-version":[{"id":2765,"href":"https:\/\/padrejuan.org\/index.php\/wp-json\/wp\/v2\/posts\/2759\/revisions\/2765"}],"wp:featuredmedia":[{"embeddable":true,"href":"https:\/\/padrejuan.org\/index.php\/wp-json\/wp\/v2\/media\/2760"}],"wp:attachment":[{"href":"https:\/\/padrejuan.org\/index.php\/wp-json\/wp\/v2\/media?parent=2759"}],"wp:term":[{"taxonomy":"category","embeddable":true,"href":"https:\/\/padrejuan.org\/index.php\/wp-json\/wp\/v2\/categories?post=2759"},{"taxonomy":"post_tag","embeddable":true,"href":"https:\/\/padrejuan.org\/index.php\/wp-json\/wp\/v2\/tags?post=2759"}],"curies":[{"name":"wp","href":"https:\/\/api.w.org\/{rel}","templated":true}]}}