{"id":2705,"date":"2021-06-01T12:14:45","date_gmt":"2021-06-01T10:14:45","guid":{"rendered":"https:\/\/padrejuan.org\/?p=2705"},"modified":"2021-06-14T17:34:12","modified_gmt":"2021-06-14T15:34:12","slug":"estan-llegando-libros-a-republica-dominicana","status":"publish","type":"post","link":"https:\/\/padrejuan.org\/index.php\/2021\/06\/01\/estan-llegando-libros-a-republica-dominicana\/","title":{"rendered":"Est\u00e1n llegando libros a Rep\u00fablica Dominicana"},"content":{"rendered":"<p>[et_pb_section fb_built=\u00bb1&#8243; _builder_version=\u00bb3.27.4&#8243; da_disable_devices=\u00bboff|off|off\u00bb fb_built=\u00bb1&#8243; _i=\u00bb0&#8243; _address=\u00bb0&#8243; da_is_popup=\u00bboff\u00bb da_exit_intent=\u00bboff\u00bb da_has_close=\u00bbon\u00bb da_alt_close=\u00bboff\u00bb da_dark_close=\u00bboff\u00bb da_not_modal=\u00bbon\u00bb da_is_singular=\u00bboff\u00bb da_with_loader=\u00bboff\u00bb da_has_shadow=\u00bbon\u00bb][et_pb_row _builder_version=\u00bb3.27.4&#8243; _i=\u00bb0&#8243; _address=\u00bb0.0&#8243;][et_pb_column type=\u00bb4_4&#8243; _builder_version=\u00bb3.27.4&#8243; _i=\u00bb0&#8243; _address=\u00bb0.0.0&#8243;][et_pb_text _builder_version=\u00bb3.27.4&#8243; _i=\u00bb0&#8243; _address=\u00bb0.0.0.0&#8243;]<\/p>\n<p>Est\u00e1n llegando libros a la Rep\u00fablica Dominicana, Puerto Rico, Santo Domingo que se est\u00e1n distribuyendo entre las disitintas Asociaciones: Fundaci\u00f3n de la Merced, Casa de la Cultura Eneida Pedes, Hogar de ni\u00f1as de Hainamosa.<\/p>\n<p>Nuestros libros llegan a destino.<\/p>\n<p>[\/et_pb_text][\/et_pb_column][\/et_pb_row][et_pb_row _builder_version=\u00bb3.27.4&#8243; _i=\u00bb1&#8243; _address=\u00bb0.1&#8243;][et_pb_column type=\u00bb4_4&#8243; _builder_version=\u00bb3.27.4&#8243; _i=\u00bb0&#8243; _address=\u00bb0.1.0&#8243;][et_pb_gallery gallery_ids=\u00bb2672,2671,2670,2669,2668,2667,2666,2665,2664,2663,2662,2661,2660,2659,2658,2657,2656,2655,2654,2652,2653,2719,2717,2718,2716&#8243; posts_number=\u00bb8&#8243; show_title_and_caption=\u00bboff\u00bb _builder_version=\u00bb3.27.4&#8243; hover_enabled=\u00bb0&#8243; _i=\u00bb0&#8243; _address=\u00bb0.1.0.0&#8243;][\/et_pb_gallery][\/et_pb_column][\/et_pb_row][\/et_pb_section]<\/p>\n","protected":false},"excerpt":{"rendered":"<p>Est\u00e1n llegando libros a la Rep\u00fablica Dominicana, Puerto Rico, Santo Domingo que se est\u00e1n distribuyendo entre las disitintas Asociaciones: Fundaci\u00f3n de la Merced, Casa de la Cultura Eneida Pedes, Hogar de ni\u00f1as de Hainamosa. Nuestros libros llegan a destino.<\/p>\n","protected":false},"author":1,"featured_media":2654,"comment_status":"open","ping_status":"closed","sticky":false,"template":"","format":"standard","meta":{"_et_pb_use_builder":"on","_et_pb_old_content":"","_et_gb_content_width":"","footnotes":""},"categories":[11],"tags":[],"_links":{"self":[{"href":"https:\/\/padrejuan.org\/index.php\/wp-json\/wp\/v2\/posts\/2705"}],"collection":[{"href":"https:\/\/padrejuan.org\/index.php\/wp-json\/wp\/v2\/posts"}],"about":[{"href":"https:\/\/padrejuan.org\/index.php\/wp-json\/wp\/v2\/types\/post"}],"author":[{"embeddable":true,"href":"https:\/\/padrejuan.org\/index.php\/wp-json\/wp\/v2\/users\/1"}],"replies":[{"embeddable":true,"href":"https:\/\/padrejuan.org\/index.php\/wp-json\/wp\/v2\/comments?post=2705"}],"version-history":[{"count":4,"href":"https:\/\/padrejuan.org\/index.php\/wp-json\/wp\/v2\/posts\/2705\/revisions"}],"predecessor-version":[{"id":2720,"href":"https:\/\/padrejuan.org\/index.php\/wp-json\/wp\/v2\/posts\/2705\/revisions\/2720"}],"wp:featuredmedia":[{"embeddable":true,"href":"https:\/\/padrejuan.org\/index.php\/wp-json\/wp\/v2\/media\/2654"}],"wp:attachment":[{"href":"https:\/\/padrejuan.org\/index.php\/wp-json\/wp\/v2\/media?parent=2705"}],"wp:term":[{"taxonomy":"category","embeddable":true,"href":"https:\/\/padrejuan.org\/index.php\/wp-json\/wp\/v2\/categories?post=2705"},{"taxonomy":"post_tag","embeddable":true,"href":"https:\/\/padrejuan.org\/index.php\/wp-json\/wp\/v2\/tags?post=2705"}],"curies":[{"name":"wp","href":"https:\/\/api.w.org\/{rel}","templated":true}]}}