{"id":2322,"date":"2020-09-21T18:37:55","date_gmt":"2020-09-21T16:37:55","guid":{"rendered":"https:\/\/padrejuan.org\/?p=2322"},"modified":"2020-09-21T18:37:55","modified_gmt":"2020-09-21T16:37:55","slug":"rastrillo-en-la-parroquia-de-san-miguel-y-san-sebastian-de-valencia","status":"publish","type":"post","link":"https:\/\/padrejuan.org\/index.php\/2020\/09\/21\/rastrillo-en-la-parroquia-de-san-miguel-y-san-sebastian-de-valencia\/","title":{"rendered":"Rastrillo en la Parroquia de San Miguel y San Sebasti\u00e1n de Valencia"},"content":{"rendered":"<p>[et_pb_section fb_built=\u00bb1&#8243; _builder_version=\u00bb3.27.4&#8243; da_is_popup=\u00bboff\u00bb da_exit_intent=\u00bboff\u00bb da_has_close=\u00bbon\u00bb da_alt_close=\u00bboff\u00bb da_dark_close=\u00bboff\u00bb da_not_modal=\u00bbon\u00bb da_is_singular=\u00bboff\u00bb da_with_loader=\u00bboff\u00bb da_has_shadow=\u00bbon\u00bb da_disable_devices=\u00bboff|off|off\u00bb][et_pb_row _builder_version=\u00bb3.27.4&#8243;][et_pb_column _builder_version=\u00bb3.27.4&#8243; type=\u00bb4_4&#8243;][et_pb_text _builder_version=\u00bb3.27.4&#8243; hover_enabled=\u00bb0&#8243;]<\/p>\n<p>El 13 de septiembre realizamos un rastrillo en los locales cedidos en la parroquia de San Miguel y San Sebasti\u00e1n de Valencia.<\/p>\n<p>Nos damos a conocer y se ha realizado una recaudaci\u00f3n en donativos por libros de 206 euros.<\/p>\n<p>Agradecemos esta aportaci\u00f3n la cual es fundamental para la realizaci\u00f3n de nuestra obra.<\/p>\n<p>&nbsp;<\/p>\n<p>[\/et_pb_text][et_pb_gallery _builder_version=\u00bb3.27.4&#8243; gallery_ids=\u00bb2317,2316,2314,2312,2311&#8243; show_title_and_caption=\u00bboff\u00bb hover_enabled=\u00bb0&#8243;][\/et_pb_gallery][\/et_pb_column][\/et_pb_row][\/et_pb_section]<\/p>\n","protected":false},"excerpt":{"rendered":"<p>El 13 de septiembre realizamos un rastrillo en los locales cedidos en la parroquia de San Miguel y San Sebasti\u00e1n de Valencia. Nos damos a conocer y se ha realizado una recaudaci\u00f3n en donativos por libros de 206 euros. Agradecemos esta aportaci\u00f3n la cual es fundamental para la realizaci\u00f3n de nuestra obra. &nbsp;<\/p>\n","protected":false},"author":1,"featured_media":2313,"comment_status":"open","ping_status":"closed","sticky":false,"template":"","format":"standard","meta":{"_et_pb_use_builder":"on","_et_pb_old_content":"","_et_gb_content_width":"","footnotes":""},"categories":[12],"tags":[],"_links":{"self":[{"href":"https:\/\/padrejuan.org\/index.php\/wp-json\/wp\/v2\/posts\/2322"}],"collection":[{"href":"https:\/\/padrejuan.org\/index.php\/wp-json\/wp\/v2\/posts"}],"about":[{"href":"https:\/\/padrejuan.org\/index.php\/wp-json\/wp\/v2\/types\/post"}],"author":[{"embeddable":true,"href":"https:\/\/padrejuan.org\/index.php\/wp-json\/wp\/v2\/users\/1"}],"replies":[{"embeddable":true,"href":"https:\/\/padrejuan.org\/index.php\/wp-json\/wp\/v2\/comments?post=2322"}],"version-history":[{"count":4,"href":"https:\/\/padrejuan.org\/index.php\/wp-json\/wp\/v2\/posts\/2322\/revisions"}],"predecessor-version":[{"id":2327,"href":"https:\/\/padrejuan.org\/index.php\/wp-json\/wp\/v2\/posts\/2322\/revisions\/2327"}],"wp:featuredmedia":[{"embeddable":true,"href":"https:\/\/padrejuan.org\/index.php\/wp-json\/wp\/v2\/media\/2313"}],"wp:attachment":[{"href":"https:\/\/padrejuan.org\/index.php\/wp-json\/wp\/v2\/media?parent=2322"}],"wp:term":[{"taxonomy":"category","embeddable":true,"href":"https:\/\/padrejuan.org\/index.php\/wp-json\/wp\/v2\/categories?post=2322"},{"taxonomy":"post_tag","embeddable":true,"href":"https:\/\/padrejuan.org\/index.php\/wp-json\/wp\/v2\/tags?post=2322"}],"curies":[{"name":"wp","href":"https:\/\/api.w.org\/{rel}","templated":true}]}}