{"id":2255,"date":"2020-07-03T21:05:30","date_gmt":"2020-07-03T19:05:30","guid":{"rendered":"https:\/\/padrejuan.org\/?p=2255"},"modified":"2020-07-03T21:17:19","modified_gmt":"2020-07-03T19:17:19","slug":"la-pandemia-nos-crea-problemas-en-los-envios","status":"publish","type":"post","link":"https:\/\/padrejuan.org\/index.php\/2020\/07\/03\/la-pandemia-nos-crea-problemas-en-los-envios\/","title":{"rendered":"La pandemia nos crea problemas en los env\u00edos"},"content":{"rendered":"<p>[et_pb_section fb_built=\u00bb1&#8243; _builder_version=\u00bb3.27.4&#8243; da_is_popup=\u00bboff\u00bb da_exit_intent=\u00bboff\u00bb da_has_close=\u00bbon\u00bb da_alt_close=\u00bboff\u00bb da_dark_close=\u00bboff\u00bb da_not_modal=\u00bbon\u00bb da_is_singular=\u00bboff\u00bb da_with_loader=\u00bboff\u00bb da_has_shadow=\u00bbon\u00bb da_disable_devices=\u00bboff|off|off\u00bb][et_pb_row _builder_version=\u00bb3.27.4&#8243;][et_pb_column _builder_version=\u00bb3.27.4&#8243; type=\u00bb4_4&#8243;][et_pb_text _builder_version=\u00bb3.27.4&#8243; hover_enabled=\u00bb0&#8243;]<\/p>\n<p>Noticia de prensa.<\/p>\n<p style=\"text-align: justify;\">La crisis del Covid-19 ha supuesto una disrupci\u00f3n en la producci\u00f3n mundial. Primero pararon las f\u00e1bricas en China y, m\u00e1s tarde, en Europa. Pero todas se han visto afectadas, en mayor o menor medida. Espa\u00f1a no es una excepci\u00f3n y la pandemia ha roto incluso las cadenas de transporte mar\u00edtimo. Empresarios exportadores llevan tiempo denunciando que varios puertos de nuestro pa\u00eds est\u00e1n colapsados y no pueden realizar sus env\u00edos a Asia principalmente, pero tambi\u00e9n a Latinoam\u00e9rica. Querer exportar y no poder, con el consiguiente coste econ\u00f3mico que tiene esto para las compa\u00f1\u00edas.<br \/> El transporte por mar \u2013no solo en Espa\u00f1a sino en todo el mundo\u2013 est\u00e1 controlado por las navieras, empresas que ponen los grandes buques de contenedores para llevar la mercanc\u00eda de un punto a otro. Transportistas, b\u00e1sicamente. Esas navieras tradicionalmente forman alianzas entre ellas y se reparten las rutas y puertos en los que operar, mutualizando costes e ingresos. Y, en funci\u00f3n de la demanda y las necesidades, fijan unos precios y una capacidad.<\/p>\n<p style=\"text-align: justify;\">La crisis del Covid-19 ha supuesto una disrupci\u00f3n en la producci\u00f3n mundial. Primero pararon las f\u00e1bricas en China y, m\u00e1s tarde, en Europa. Pero todas se han visto afectadas, en mayor o menor medida. Espa\u00f1a no es una excepci\u00f3n y la pandemia ha roto incluso las cadenas de transporte mar\u00edtimo. Empresarios exportadores llevan tiempo denunciando que varios puertos de nuestro pa\u00eds est\u00e1n colapsados y no pueden realizar sus env\u00edos a Asia principalmente, pero tambi\u00e9n a Latinoam\u00e9rica. Querer exportar y no poder, con el consiguiente coste econ\u00f3mico que tiene esto para las compa\u00f1\u00edas.<br \/> El transporte por mar \u2013no solo en Espa\u00f1a sino en todo el mundo\u2013 est\u00e1 controlado por las navieras, empresas que ponen los grandes buques de contenedores para llevar la mercanc\u00eda de un punto a otro. Transportistas, b\u00e1sicamente. Esas navieras tradicionalmente forman alianzas entre ellas y se reparten las rutas y puertos en los que operar, mutualizando costes e ingresos. Y, en funci\u00f3n de la demanda y las necesidades, fijan unos precios y una capacidad.<\/p>\n<p style=\"text-align: justify;\">M\u00e1s all\u00e1 del colapso en el transporte por la falta de barcos, todas las fuentes consultadas destacan que <strong>los precios han subido incluso m\u00e1s de un 60% respecto a la etapa preCovid.<\/strong> Un empresario que se dedica al reciclaje explica que \u00e9l antes pod\u00eda pagar unos 700 euros por el transporte de bienes y en lo peor de la pandemia los precios llegaron a escalar hasta los 1.400 euros. Ahora esa cantidad se ha moderado ligeramente, aunque sigue por encima de los 1.100 euros.<\/p>\n<p><a href=\"https:\/\/www.abc.es\/economia\/abci-empresarios-exportadores-denuncian-colapso-varios-puertos-covid-19-202006281955_noticia.html?ref=https:%2F%2Fwww.google.es%2F\" target=\"_blank\" rel=\"noopener noreferrer\">Leer la noticia entera<\/a><\/p>\n<p>[\/et_pb_text][et_pb_gallery _builder_version=\u00bb3.27.4&#8243; gallery_ids=\u00bb2049,2050,1931,1497,1189,1188,805,2206,1971&#8243; show_title_and_caption=\u00bboff\u00bb hover_enabled=\u00bb0&#8243;][\/et_pb_gallery][\/et_pb_column][\/et_pb_row][\/et_pb_section]<\/p>\n","protected":false},"excerpt":{"rendered":"<p>Noticia de prensa. La crisis del Covid-19 ha supuesto una disrupci\u00f3n en la producci\u00f3n mundial. Primero pararon las f\u00e1bricas en China y, m\u00e1s tarde, en Europa. Pero todas se han visto afectadas, en mayor o menor medida. Espa\u00f1a no es una excepci\u00f3n y la pandemia ha roto incluso las cadenas de transporte mar\u00edtimo. Empresarios exportadores [&hellip;]<\/p>\n","protected":false},"author":1,"featured_media":2251,"comment_status":"open","ping_status":"closed","sticky":false,"template":"","format":"standard","meta":{"_et_pb_use_builder":"on","_et_pb_old_content":"","_et_gb_content_width":"","footnotes":""},"categories":[11,6],"tags":[],"_links":{"self":[{"href":"https:\/\/padrejuan.org\/index.php\/wp-json\/wp\/v2\/posts\/2255"}],"collection":[{"href":"https:\/\/padrejuan.org\/index.php\/wp-json\/wp\/v2\/posts"}],"about":[{"href":"https:\/\/padrejuan.org\/index.php\/wp-json\/wp\/v2\/types\/post"}],"author":[{"embeddable":true,"href":"https:\/\/padrejuan.org\/index.php\/wp-json\/wp\/v2\/users\/1"}],"replies":[{"embeddable":true,"href":"https:\/\/padrejuan.org\/index.php\/wp-json\/wp\/v2\/comments?post=2255"}],"version-history":[{"count":3,"href":"https:\/\/padrejuan.org\/index.php\/wp-json\/wp\/v2\/posts\/2255\/revisions"}],"predecessor-version":[{"id":2260,"href":"https:\/\/padrejuan.org\/index.php\/wp-json\/wp\/v2\/posts\/2255\/revisions\/2260"}],"wp:featuredmedia":[{"embeddable":true,"href":"https:\/\/padrejuan.org\/index.php\/wp-json\/wp\/v2\/media\/2251"}],"wp:attachment":[{"href":"https:\/\/padrejuan.org\/index.php\/wp-json\/wp\/v2\/media?parent=2255"}],"wp:term":[{"taxonomy":"category","embeddable":true,"href":"https:\/\/padrejuan.org\/index.php\/wp-json\/wp\/v2\/categories?post=2255"},{"taxonomy":"post_tag","embeddable":true,"href":"https:\/\/padrejuan.org\/index.php\/wp-json\/wp\/v2\/tags?post=2255"}],"curies":[{"name":"wp","href":"https:\/\/api.w.org\/{rel}","templated":true}]}}