{"id":2003,"date":"2019-12-04T20:00:30","date_gmt":"2019-12-04T19:00:30","guid":{"rendered":"https:\/\/padrejuan.org\/?p=2003"},"modified":"2019-12-04T20:00:31","modified_gmt":"2019-12-04T19:00:31","slug":"donacion-de-libros-de-la-biblioteca-del-puerto-de-valencia","status":"publish","type":"post","link":"https:\/\/padrejuan.org\/index.php\/2019\/12\/04\/donacion-de-libros-de-la-biblioteca-del-puerto-de-valencia\/","title":{"rendered":"Donaci\u00f3n de Libros de la Biblioteca del Puerto de Valencia"},"content":{"rendered":"<p>[et_pb_section fb_built=\u00bb1&#8243; _builder_version=\u00bb3.27.4&#8243;][et_pb_row _builder_version=\u00bb3.27.4&#8243;][et_pb_column _builder_version=\u00bb3.27.4&#8243; type=\u00bb4_4&#8243;][et_pb_text _builder_version=\u00bb3.27.4&#8243; hover_enabled=\u00bb0&#8243;]<\/p>\n<p><strong>La Cofrad\u00eda de San Vicente Altar Playa Ca\u00f1amelar del Caba\u00f1al,<\/strong> Valencia, Espa\u00f1a, nos han hecho donaci\u00f3n de una cantidad aproximada de <strong>2.000 kg. de libros<\/strong>, procedentes de la Biblioteca del Puerto.<\/p>\n<p>Damos las gracias a esta importante aportaci\u00f3n, al mismo tiempo que informamos que <strong>todos ellos van con destino a la Asociaci\u00f3n de F\u00e9 y Alegr\u00eda de Paraguay<\/strong>. Ya est\u00e1n coloc\u00e1ndonse en cajas para su inmediata salida, hasta completar un contenedor de 20 pies.<\/p>\n<p>&nbsp;<\/p>\n<p>[\/et_pb_text][et_pb_gallery _builder_version=\u00bb3.27.4&#8243; gallery_ids=\u00bb2008,2007,2006,2005&#8243; show_title_and_caption=\u00bboff\u00bb hover_enabled=\u00bb0&#8243;][\/et_pb_gallery][\/et_pb_column][\/et_pb_row][\/et_pb_section]<\/p>\n","protected":false},"excerpt":{"rendered":"<p>La Cofrad\u00eda de San Vicente Altar Playa Ca\u00f1amelar del Caba\u00f1al, Valencia, Espa\u00f1a, nos han hecho donaci\u00f3n de una cantidad aproximada de 2.000 kg. de libros, procedentes de la Biblioteca del Puerto. Damos las gracias a esta importante aportaci\u00f3n, al mismo tiempo que informamos que todos ellos van con destino a la Asociaci\u00f3n de F\u00e9 y [&hellip;]<\/p>\n","protected":false},"author":1,"featured_media":2008,"comment_status":"open","ping_status":"closed","sticky":false,"template":"","format":"standard","meta":{"_et_pb_use_builder":"on","_et_pb_old_content":"","_et_gb_content_width":"","footnotes":""},"categories":[7],"tags":[],"_links":{"self":[{"href":"https:\/\/padrejuan.org\/index.php\/wp-json\/wp\/v2\/posts\/2003"}],"collection":[{"href":"https:\/\/padrejuan.org\/index.php\/wp-json\/wp\/v2\/posts"}],"about":[{"href":"https:\/\/padrejuan.org\/index.php\/wp-json\/wp\/v2\/types\/post"}],"author":[{"embeddable":true,"href":"https:\/\/padrejuan.org\/index.php\/wp-json\/wp\/v2\/users\/1"}],"replies":[{"embeddable":true,"href":"https:\/\/padrejuan.org\/index.php\/wp-json\/wp\/v2\/comments?post=2003"}],"version-history":[{"count":3,"href":"https:\/\/padrejuan.org\/index.php\/wp-json\/wp\/v2\/posts\/2003\/revisions"}],"predecessor-version":[{"id":2010,"href":"https:\/\/padrejuan.org\/index.php\/wp-json\/wp\/v2\/posts\/2003\/revisions\/2010"}],"wp:featuredmedia":[{"embeddable":true,"href":"https:\/\/padrejuan.org\/index.php\/wp-json\/wp\/v2\/media\/2008"}],"wp:attachment":[{"href":"https:\/\/padrejuan.org\/index.php\/wp-json\/wp\/v2\/media?parent=2003"}],"wp:term":[{"taxonomy":"category","embeddable":true,"href":"https:\/\/padrejuan.org\/index.php\/wp-json\/wp\/v2\/categories?post=2003"},{"taxonomy":"post_tag","embeddable":true,"href":"https:\/\/padrejuan.org\/index.php\/wp-json\/wp\/v2\/tags?post=2003"}],"curies":[{"name":"wp","href":"https:\/\/api.w.org\/{rel}","templated":true}]}}