{"id":1826,"date":"2019-08-09T09:22:30","date_gmt":"2019-08-09T09:22:30","guid":{"rendered":"https:\/\/padrejuan.org\/?p=1826"},"modified":"2019-08-09T09:22:41","modified_gmt":"2019-08-09T09:22:41","slug":"agradecimiento-ultimo-envio-a-guatemala","status":"publish","type":"post","link":"https:\/\/padrejuan.org\/index.php\/2019\/08\/09\/agradecimiento-ultimo-envio-a-guatemala\/","title":{"rendered":"Agradecimiento \u00faltimo env\u00edo a Guatemala"},"content":{"rendered":"<p>[et_pb_section fb_built=\u00bb1&#8243; _builder_version=\u00bb3.19.14&#8243;][et_pb_row _builder_version=\u00bb3.19.14&#8243;][et_pb_column type=\u00bb4_4&#8243; _builder_version=\u00bb3.19.14&#8243;][et_pb_text _builder_version=\u00bb3.19.14&#8243;]<\/p>\n<p>Recibimos estas bonitas palabras de agradecimiento de la Hna. Chantal, tr\u00e1s la recepci\u00f3n de nuestro \u00faltimo env\u00edo de libros y material audiovidual a Guatemala.<\/p>\n<p>Palabras como estas no hacen sino motivarnos todav\u00eda m\u00e1s si cabe y mantener nuestra ilusi\u00f3n y compromiso con la cultura contra pobreza.<\/p>\n<p>&nbsp;<\/p>\n<blockquote>\n<p>Disculpe me escribirle tan tarde para decirle much\u00edsimas GRACIAS a usted y a los miembros de la Fundaci\u00f3n Schenk de Valencia por haber permitido este don de 22 cajas para nosotras y nuestros amigos. Todo llego muy bien a pesar que no pod\u00eda estar; la Caritas de Escuintla fue admirable para llevar a cabo la destinaci\u00f3n de nuestras cajas. Fueron muy atentos a mi correo y durante d\u00edas, nos hemos puesto de acuerdo, por internet, para que todo se desarrolle sin ning\u00fan problema.<\/p>\n<p>\u00a0Acabo de regresar a Guatemala despu\u00e9s de dos meses de ausencia.<\/p>\n<p>As\u00ed nuestros amigos del Movimiento del Cuarto Mundo, presentes en Escintila pudieron recibir las cajas. Ya algunas se entregaron a sus talleres con ni\u00f1os y j\u00f3venes. Dentro de poco ir\u00e9 a la capital para recoger una parte de las cajas, especialmente DVD y libros de cuentos.\u00a1 Tengo prisa de entregar este material aqu\u00ed en la peque\u00f1a biblioteca que tenemos!<\/p>\n<p>&nbsp;<\/p>\n<p>\u00a0Una vez m\u00e1s le agradezco de todo coraz\u00f3n por su determinaci\u00f3n respeto a nosotras para que aprovechemos de este material educativo sin ning\u00fan tipo de obst\u00e1culo. No les olvido en mis pensamientos y en mi oraci\u00f3n.<\/p>\n<p>\u00a1Que siempre ustedes puedan seguir creando lazos de solidaridad entre los continentes! Gracias a todos que dieron buenas cosas \u00fatiles y a todos que han preparado tantas cajas para los dem\u00e1s sin conocer a los destinatarios!<\/p>\n<p>&nbsp;<\/p>\n<p>Muy agradecida, me despido de ustedes y de usted, Chelo, especialmente.<\/p>\n<\/blockquote>\n<p>[\/et_pb_text][\/et_pb_column][\/et_pb_row][\/et_pb_section]<\/p>\n","protected":false},"excerpt":{"rendered":"<p>Recibimos estas bonitas palabras de agradecimiento de la Hna. Chantal, tr\u00e1s la recepci\u00f3n de nuestro \u00faltimo env\u00edo de libros y material audiovidual a Guatemala. Palabras como estas no hacen sino motivarnos todav\u00eda m\u00e1s si cabe y mantener nuestra ilusi\u00f3n y compromiso con la cultura contra pobreza. &nbsp; Disculpe me escribirle tan tarde para decirle much\u00edsimas [&hellip;]<\/p>\n","protected":false},"author":1,"featured_media":0,"comment_status":"open","ping_status":"closed","sticky":false,"template":"","format":"standard","meta":{"_et_pb_use_builder":"on","_et_pb_old_content":"","_et_gb_content_width":"","footnotes":""},"categories":[1],"tags":[],"_links":{"self":[{"href":"https:\/\/padrejuan.org\/index.php\/wp-json\/wp\/v2\/posts\/1826"}],"collection":[{"href":"https:\/\/padrejuan.org\/index.php\/wp-json\/wp\/v2\/posts"}],"about":[{"href":"https:\/\/padrejuan.org\/index.php\/wp-json\/wp\/v2\/types\/post"}],"author":[{"embeddable":true,"href":"https:\/\/padrejuan.org\/index.php\/wp-json\/wp\/v2\/users\/1"}],"replies":[{"embeddable":true,"href":"https:\/\/padrejuan.org\/index.php\/wp-json\/wp\/v2\/comments?post=1826"}],"version-history":[{"count":2,"href":"https:\/\/padrejuan.org\/index.php\/wp-json\/wp\/v2\/posts\/1826\/revisions"}],"predecessor-version":[{"id":1829,"href":"https:\/\/padrejuan.org\/index.php\/wp-json\/wp\/v2\/posts\/1826\/revisions\/1829"}],"wp:attachment":[{"href":"https:\/\/padrejuan.org\/index.php\/wp-json\/wp\/v2\/media?parent=1826"}],"wp:term":[{"taxonomy":"category","embeddable":true,"href":"https:\/\/padrejuan.org\/index.php\/wp-json\/wp\/v2\/categories?post=1826"},{"taxonomy":"post_tag","embeddable":true,"href":"https:\/\/padrejuan.org\/index.php\/wp-json\/wp\/v2\/tags?post=1826"}],"curies":[{"name":"wp","href":"https:\/\/api.w.org\/{rel}","templated":true}]}}